{"id":13827,"date":"2021-03-24T01:02:24","date_gmt":"2021-03-24T06:02:24","guid":{"rendered":"https:\/\/dellait.com\/?p=13827"},"modified":"2021-05-12T12:23:05","modified_gmt":"2021-05-12T17:23:05","slug":"factores-de-riesgo-en-la-enfermedad-respiratoria-en-terneras","status":"publish","type":"post","link":"https:\/\/dellait.com\/es\/factores-de-riesgo-en-la-enfermedad-respiratoria-en-terneras\/","title":{"rendered":"Factores de riesgo en brotes agudos de la enfermedad respiratoria en terneras"},"content":{"rendered":"<p style=\"text-align: center;\"><strong>Lucas Pantale\u00f3n<\/strong><\/p>\n<p><strong>Las infecciones del tracto respiratorio (ITR) y su manifestaci\u00f3n cl\u00ednica, la <a href=\"https:\/\/dellait.com\/es\/el-complejo-respiratorio-bovino-en-terneras-lecheras\/\" target=\"_blank\" rel=\"noopener\">enfermedad respiratoria bovina<\/a> (ERB), provocan un importante <a href=\"https:\/\/dellait.com\/es\/enfermedad-respiratoria-bovina-en-terneros-antes-del-destete\/\" target=\"_blank\" rel=\"noopener\">impacto econ\u00f3mico negativo<\/a> en las granjas lecheras<\/strong>. Esta enfermedad est\u00e1 causada por la compleja interacci\u00f3n de pat\u00f3genos virales y bacterianos junto con factores ambientales y del hu\u00e9sped que afectan de forma negativa a los mecanismos de defensa respiratoria del ganado o estimulan la propagaci\u00f3n del pat\u00f3geno.<\/p>\n<p>Para el tratamiento o la prevenci\u00f3n de la ERB es habitual recetar antibi\u00f3ticos por lo que mejorar la prevenci\u00f3n y el control de esta enfermedad es una herramienta clave para hacer que el uso de antibi\u00f3ticos en el ganado sea m\u00e1s eficiente.<\/p>\n<p>En un n\u00famero cada vez m\u00e1s elevado de pa\u00edses europeos, para justificar el uso de antibi\u00f3ticos y personalizar las medidas de prevenci\u00f3n y control, <strong>se recomienda el muestreo de las v\u00edas respiratorias del ganado afectado por ERB<\/strong>. Las muestras se env\u00edan para cultivo bacteriano y para las pruebas de sensibilidad y PCR.<\/p>\n<p><strong>Entre los veterinarios cada vez es m\u00e1s habitual realizar la prueba de PCR, ya que puede analizar diferentes microorganismos, es muy sensible y permite agrupar muestras para hacer un diagn\u00f3stico grupal<\/strong>. Algunas desventajas de la PCR son la falta de pruebas de sensibilidad a los antibi\u00f3ticos y la dificultad para la interpretaci\u00f3n de los pat\u00f3genos oportunistas detectados.<\/p>\n<p>El objetivo del estudio realizado en B\u00e9lgica (Pardon <em>et al<\/em>., 2020) fue <strong>identificar a nivel de reba\u00f1o los factores de riesgo espec\u00edficos de pat\u00f3genos asociados con los brotes epid\u00e9micos de ERB en terneras<\/strong>. Este estudio transversal se realiz\u00f3 durante dos temporadas de invierno, en hatos de vacuno de carne y lechero de B\u00e9lgica. El laboratorio analiz\u00f3 muestras de 128 brotes de la enfermedad durante el periodo de estudio. Se combin\u00f3 el fluido respiratorio de cinco muestras para analizarlo en busca de pat\u00f3genos respiratorios. Los posibles factores de riesgo se recopilaron mediante un cuestionario y una base de datos nacional.<\/p>\n<p><strong>Este estudio belga describi\u00f3 la prevalencia de pat\u00f3genos involucrados y potencialmente involucrados en brotes epid\u00e9micos de las ITR en el ganado y demostr\u00f3 que las ITR alcanzan su punto m\u00e1ximo durante los meses de invierno y son principalmente de origen viral<\/strong>.<\/p>\n<h2>El coronavirus bovino desempe\u00f1a un papel fundamental en la enfermedad respiratoria<\/h2>\n<p><strong>El pat\u00f3geno que se aisl\u00f3 con m\u00e1s frecuencia fue el <a href=\"https:\/\/dellait.com\/es\/covid-19-coronavirus-humano-ganado-y-otros-animales\/\" target=\"_blank\" rel=\"noopener\">coronavirus bovino<\/a> (BCoV), seguido por el virus sincitial respiratorio bovino (bRSV)<\/strong>. Se sabe que el BCoV desempe\u00f1a un papel fundamental en la ERB y se considera un iniciador de infecciones secundarias. Esto probablemente se ha visto reforzado por la asociaci\u00f3n entre BCoV y <em>M. haemolytica<\/em> y <em>H. somni<\/em> en el presente y otros estudios.<\/p>\n<p>A diferencia de Am\u00e9rica del Norte, no existe una vacuna contra el coronavirus autorizada dentro de la Uni\u00f3n Europea, por lo que la bioseguridad es un conjunto de medidas primordiales que deben implementarse para controlar la enfermedad. Los investigadores de este estudio <strong>demostraron la estricta distribuci\u00f3n estacional del bRSV, es decir, el virus se detect\u00f3 entre noviembre y abril con un pico de detecci\u00f3n durante el mes de diciembre<\/strong>. Curiosamente, este patr\u00f3n de distribuci\u00f3n del bRSV imit\u00f3 el comportamiento de los virus sincitiales humanos.<\/p>\n<p><strong><em>M. haemolytica<\/em> se detect\u00f3 junto con BCoV, lo que puso de manifiesto la importancia potencial de las coinfecciones con estos dos pat\u00f3genos<\/strong>. Adem\u00e1s, la bacteria fue m\u00e1s prevalente en reba\u00f1os con grupos m\u00e1s grandes de terneras (m\u00e1s de 5 por corral). <strong>El tipo de alojamiento y las camas de serr\u00edn tambi\u00e9n parecieron ser un factor de riesgo para <em>M. haemolytica<\/em> y <em>H. somni<\/em>.<\/strong><\/p>\n<p>Otra observaci\u00f3n interesante de esta investigaci\u00f3n fue <strong>la falta de asociaci\u00f3n entre la vacunaci\u00f3n y una menor detecci\u00f3n de pat\u00f3genos mediante pruebas de PCR<\/strong>. La explicaci\u00f3n probable de este fen\u00f3meno es el hecho de que la mayor\u00eda de las vacunas no previenen la infecci\u00f3n, pero reducen la cantidad de diseminaci\u00f3n y la gravedad de los signos cl\u00ednicos.<\/p>\n<p><strong>Referencia<\/strong><\/p>\n<p>Pardon, J. Callens, J. Maris, L. Allais, W. Van Praet, P. Deprez, and S. Ribbens. 2020. Pathogen-specific risk factors in acute outbreaks of respiratory disease in calves. <a href=\"https:\/\/www.journalofdairyscience.org\/\" target=\"_blank\" rel=\"noopener\">J. Dairy Sci<\/a>. 103:2556\u20132566.<\/p>\n<p><strong>\u00a9 2021 Dellait Dairy Knowledge Center. All Rights Reserved.<\/strong><\/p>\n","protected":false},"excerpt":{"rendered":"<p>Lucas Pantale\u00f3n Las infecciones del tracto respiratorio (ITR) y su manifestaci\u00f3n cl\u00ednica, la enfermedad respiratoria bovina (ERB), provocan un importante impacto econ\u00f3mico negativo en las granjas lecheras. Esta enfermedad est\u00e1 causada por la compleja interacci\u00f3n de pat\u00f3genos virales y bacterianos junto con factores ambientales y del hu\u00e9sped que afectan de forma negativa a los mecanismos &#8230; <a title=\"Factores de riesgo en brotes agudos de la enfermedad respiratoria en terneras\" class=\"read-more\" href=\"https:\/\/dellait.com\/es\/factores-de-riesgo-en-la-enfermedad-respiratoria-en-terneras\/\" aria-label=\"Leer m\u00e1s sobre Factores de riesgo en brotes agudos de la enfermedad respiratoria en terneras\">Leer m\u00e1s<\/a><\/p>\n","protected":false},"author":1,"featured_media":13828,"comment_status":"closed","ping_status":"closed","sticky":false,"template":"","format":"standard","meta":{"_acf_changed":false,"content-type":"","footnotes":""},"categories":[619],"tags":[],"class_list":["post-13827","post","type-post","status-publish","format-standard","has-post-thumbnail","hentry","category-multifactorial"],"acf":[],"yoast_head":"<!-- This site is optimized with the Yoast SEO plugin v26.1.1 - https:\/\/yoast.com\/wordpress\/plugins\/seo\/ -->\n<title>Factores de riesgo en la enfermedad respiratoria en terneras<\/title>\n<meta name=\"description\" content=\"Se identificaron a nivel de reba\u00f1o los factores de riesgo espec\u00edficos de pat\u00f3genos asociados con los brotes epid\u00e9micos de enfermedad respiratoria en terneras.\" \/>\n<meta name=\"robots\" content=\"index, follow, max-snippet:-1, max-image-preview:large, max-video-preview:-1\" \/>\n<link rel=\"canonical\" href=\"https:\/\/dellait.com\/es\/factores-de-riesgo-en-la-enfermedad-respiratoria-en-terneras\/\" \/>\n<meta property=\"og:locale\" content=\"es_ES\" \/>\n<meta property=\"og:type\" content=\"article\" \/>\n<meta property=\"og:title\" content=\"Factores de riesgo en la enfermedad respiratoria en terneras\" \/>\n<meta property=\"og:description\" content=\"Se identificaron a nivel de reba\u00f1o los factores de riesgo espec\u00edficos de pat\u00f3genos asociados con los brotes epid\u00e9micos de enfermedad respiratoria en terneras.\" \/>\n<meta property=\"og:url\" content=\"https:\/\/dellait.com\/es\/factores-de-riesgo-en-la-enfermedad-respiratoria-en-terneras\/\" \/>\n<meta property=\"og:site_name\" content=\"Animal Nutrition and Health\" \/>\n<meta property=\"article:publisher\" content=\"https:\/\/www.facebook.com\/Dellait\" \/>\n<meta property=\"article:published_time\" content=\"2021-03-24T06:02:24+00:00\" \/>\n<meta property=\"article:modified_time\" content=\"2021-05-12T17:23:05+00:00\" \/>\n<meta property=\"og:image\" content=\"https:\/\/dellait.com\/wp-content\/uploads\/2021\/02\/02-foto-020321-1.jpg\" \/>\n\t<meta property=\"og:image:width\" content=\"900\" \/>\n\t<meta property=\"og:image:height\" content=\"650\" \/>\n\t<meta property=\"og:image:type\" content=\"image\/jpeg\" \/>\n<meta name=\"author\" content=\"admin\" \/>\n<!-- \/ Yoast SEO plugin. -->","yoast_head_json":{"title":"Factores de riesgo en la enfermedad respiratoria en terneras","description":"Se identificaron a nivel de reba\u00f1o los factores de riesgo espec\u00edficos de pat\u00f3genos asociados con los brotes epid\u00e9micos de enfermedad respiratoria en terneras.","robots":{"index":"index","follow":"follow","max-snippet":"max-snippet:-1","max-image-preview":"max-image-preview:large","max-video-preview":"max-video-preview:-1"},"canonical":"https:\/\/dellait.com\/es\/factores-de-riesgo-en-la-enfermedad-respiratoria-en-terneras\/","og_locale":"es_ES","og_type":"article","og_title":"Factores de riesgo en la enfermedad respiratoria en terneras","og_description":"Se identificaron a nivel de reba\u00f1o los factores de riesgo espec\u00edficos de pat\u00f3genos asociados con los brotes epid\u00e9micos de enfermedad respiratoria en terneras.","og_url":"https:\/\/dellait.com\/es\/factores-de-riesgo-en-la-enfermedad-respiratoria-en-terneras\/","og_site_name":"Animal Nutrition and Health","article_publisher":"https:\/\/www.facebook.com\/Dellait","article_published_time":"2021-03-24T06:02:24+00:00","article_modified_time":"2021-05-12T17:23:05+00:00","og_image":[{"width":900,"height":650,"url":"https:\/\/dellait.com\/wp-content\/uploads\/2021\/02\/02-foto-020321-1.jpg","type":"image\/jpeg"}],"author":"admin","schema":{"@context":"https:\/\/schema.org","@graph":[{"@type":"NewsArticle","@id":"https:\/\/dellait.com\/es\/factores-de-riesgo-en-la-enfermedad-respiratoria-en-terneras\/#article","isPartOf":{"@id":"https:\/\/dellait.com\/es\/factores-de-riesgo-en-la-enfermedad-respiratoria-en-terneras\/"},"author":{"name":"admin","@id":"https:\/\/dellait.com\/es\/#\/schema\/person\/6ac8737b18e10a2808891273086621c6"},"headline":"Factores de riesgo en brotes agudos de la enfermedad respiratoria en terneras","datePublished":"2021-03-24T06:02:24+00:00","dateModified":"2021-05-12T17:23:05+00:00","mainEntityOfPage":{"@id":"https:\/\/dellait.com\/es\/factores-de-riesgo-en-la-enfermedad-respiratoria-en-terneras\/"},"wordCount":749,"publisher":{"@id":"https:\/\/dellait.com\/es\/#organization"},"image":{"@id":"https:\/\/dellait.com\/es\/factores-de-riesgo-en-la-enfermedad-respiratoria-en-terneras\/#primaryimage"},"thumbnailUrl":"https:\/\/dellait.com\/wp-content\/uploads\/2021\/02\/02-foto-020321-1.jpg","articleSection":["Enfermedades Multifactoriales"],"inLanguage":"es"},{"@type":["WebPage","ItemPage"],"@id":"https:\/\/dellait.com\/es\/factores-de-riesgo-en-la-enfermedad-respiratoria-en-terneras\/","url":"https:\/\/dellait.com\/es\/factores-de-riesgo-en-la-enfermedad-respiratoria-en-terneras\/","name":"Factores de riesgo en la enfermedad respiratoria en terneras","isPartOf":{"@id":"https:\/\/dellait.com\/es\/#website"},"primaryImageOfPage":{"@id":"https:\/\/dellait.com\/es\/factores-de-riesgo-en-la-enfermedad-respiratoria-en-terneras\/#primaryimage"},"image":{"@id":"https:\/\/dellait.com\/es\/factores-de-riesgo-en-la-enfermedad-respiratoria-en-terneras\/#primaryimage"},"thumbnailUrl":"https:\/\/dellait.com\/wp-content\/uploads\/2021\/02\/02-foto-020321-1.jpg","datePublished":"2021-03-24T06:02:24+00:00","dateModified":"2021-05-12T17:23:05+00:00","description":"Se identificaron a nivel de reba\u00f1o los factores de riesgo espec\u00edficos de pat\u00f3genos asociados con los brotes epid\u00e9micos de enfermedad respiratoria en terneras.","breadcrumb":{"@id":"https:\/\/dellait.com\/es\/factores-de-riesgo-en-la-enfermedad-respiratoria-en-terneras\/#breadcrumb"},"inLanguage":"es","potentialAction":[{"@type":"ReadAction","target":["https:\/\/dellait.com\/es\/factores-de-riesgo-en-la-enfermedad-respiratoria-en-terneras\/"]}]},{"@type":"ImageObject","inLanguage":"es","@id":"https:\/\/dellait.com\/es\/factores-de-riesgo-en-la-enfermedad-respiratoria-en-terneras\/#primaryimage","url":"https:\/\/dellait.com\/wp-content\/uploads\/2021\/02\/02-foto-020321-1.jpg","contentUrl":"https:\/\/dellait.com\/wp-content\/uploads\/2021\/02\/02-foto-020321-1.jpg","width":900,"height":650},{"@type":"BreadcrumbList","@id":"https:\/\/dellait.com\/es\/factores-de-riesgo-en-la-enfermedad-respiratoria-en-terneras\/#breadcrumb","itemListElement":[{"@type":"ListItem","position":1,"name":"Dellait","item":"https:\/\/dellait.com\/es\/"},{"@type":"ListItem","position":2,"name":"Factores de riesgo en brotes agudos de la enfermedad respiratoria en terneras"}]},{"@type":"WebSite","@id":"https:\/\/dellait.com\/es\/#website","url":"https:\/\/dellait.com\/es\/","name":"Animal Nutrition and Health","description":"Dellait es una empresa global de nutrici\u00f3n y salud animal, que ofrece servicios y soluciones a la industria ganadera.","publisher":{"@id":"https:\/\/dellait.com\/es\/#organization"},"potentialAction":[{"@type":"SearchAction","target":{"@type":"EntryPoint","urlTemplate":"https:\/\/dellait.com\/es\/?s={search_term_string}"},"query-input":{"@type":"PropertyValueSpecification","valueRequired":true,"valueName":"search_term_string"}}],"inLanguage":"es"},{"@type":"Organization","@id":"https:\/\/dellait.com\/es\/#organization","name":"Dellait","url":"https:\/\/dellait.com\/es\/","logo":{"@type":"ImageObject","inLanguage":"es","@id":"https:\/\/dellait.com\/es\/#\/schema\/logo\/image\/","url":"https:\/\/dellait.com\/wp-content\/uploads\/2021\/03\/00-Logo-dellait-letra-azul-fondo-trasparente-v2.png","contentUrl":"https:\/\/dellait.com\/wp-content\/uploads\/2021\/03\/00-Logo-dellait-letra-azul-fondo-trasparente-v2.png","width":692,"height":175,"caption":"Dellait"},"image":{"@id":"https:\/\/dellait.com\/es\/#\/schema\/logo\/image\/"},"sameAs":["https:\/\/www.facebook.com\/Dellait","https:\/\/x.com\/DellaitLLC","https:\/\/www.linkedin.com\/company\/19157485"]},{"@type":"Person","@id":"https:\/\/dellait.com\/es\/#\/schema\/person\/6ac8737b18e10a2808891273086621c6","name":"admin","image":{"@type":"ImageObject","inLanguage":"es","@id":"https:\/\/dellait.com\/es\/#\/schema\/person\/image\/","url":"https:\/\/secure.gravatar.com\/avatar\/46248e188d4cf416de15bcc90e4cd7da617625aec40f3830b8abb7720c156764?s=96&d=mm&r=g","contentUrl":"https:\/\/secure.gravatar.com\/avatar\/46248e188d4cf416de15bcc90e4cd7da617625aec40f3830b8abb7720c156764?s=96&d=mm&r=g","caption":"admin"},"sameAs":["https:\/\/cmacomunicacion.es\/"],"url":"https:\/\/dellait.com\/es\/author\/cma\/"}]}},"_links":{"self":[{"href":"https:\/\/dellait.com\/es\/wp-json\/wp\/v2\/posts\/13827","targetHints":{"allow":["GET"]}}],"collection":[{"href":"https:\/\/dellait.com\/es\/wp-json\/wp\/v2\/posts"}],"about":[{"href":"https:\/\/dellait.com\/es\/wp-json\/wp\/v2\/types\/post"}],"author":[{"embeddable":true,"href":"https:\/\/dellait.com\/es\/wp-json\/wp\/v2\/users\/1"}],"replies":[{"embeddable":true,"href":"https:\/\/dellait.com\/es\/wp-json\/wp\/v2\/comments?post=13827"}],"version-history":[{"count":0,"href":"https:\/\/dellait.com\/es\/wp-json\/wp\/v2\/posts\/13827\/revisions"}],"wp:featuredmedia":[{"embeddable":true,"href":"https:\/\/dellait.com\/es\/wp-json\/wp\/v2\/media\/13828"}],"wp:attachment":[{"href":"https:\/\/dellait.com\/es\/wp-json\/wp\/v2\/media?parent=13827"}],"wp:term":[{"taxonomy":"category","embeddable":true,"href":"https:\/\/dellait.com\/es\/wp-json\/wp\/v2\/categories?post=13827"},{"taxonomy":"post_tag","embeddable":true,"href":"https:\/\/dellait.com\/es\/wp-json\/wp\/v2\/tags?post=13827"}],"curies":[{"name":"wp","href":"https:\/\/api.w.org\/{rel}","templated":true}]}}