{"id":14123,"date":"2021-03-22T09:07:49","date_gmt":"2021-03-22T09:07:49","guid":{"rendered":"https:\/\/dellait.com\/?p=14123"},"modified":"2021-05-12T11:52:19","modified_gmt":"2021-05-12T16:52:19","slug":"efecto-de-las-horas-de-corte-en-el-forraje-de-raigras","status":"publish","type":"post","link":"https:\/\/dellait.com\/es\/efecto-de-las-horas-de-corte-en-el-forraje-de-raigras\/","title":{"rendered":"Efecto de la hora de corte en el forraje de raigr\u00e1s"},"content":{"rendered":"<p style=\"text-align: center;\"><strong>Aurora Alaguero &amp; Fernando Diaz<\/strong><\/p>\n<p><strong>El <a href=\"https:\/\/dellait.com\/es\/evaluacion-de-variedades-de-raigras-ingles-con-elevado-contenido-en-azucares\/\">raigr\u00e1s<\/a><\/strong> (<em>Lolium perenne<\/em>) es una gram\u00ednea perenne com\u00fanmente utilizada como forraje en lugares de clima templado y subtropical para el pasto de rumiantes. <strong>Se caracteriza por producir gran cantidad de biomasa de buena calidad, lo que se traduce en un alto valor nutritivo con una alta tasa de carbohidratos disponibles para el ganado<\/strong>.<\/p>\n<p>Los valores nutritivos de las plantas no solo dependen de las caracter\u00edsticas heredables de cada una como pueden ser los cultivares mejorados o la selecci\u00f3n gen\u00e9tica, tambi\u00e9n dependen de respuestas fisiol\u00f3gicas de las propias plantas a est\u00edmulos del ambiente.<\/p>\n<p>Un estudio realizado recientemente por investigadores de varias partes del mundo ha demostrado que <strong>el momento del d\u00eda en el que se corta el pasto puede influir en diferentes par\u00e1metros de su valor nutricional como la cantidad de <a href=\"https:\/\/dellait.com\/es\/suplementacion-con-remolacha-forrajera-en-vacas-alimentadas-con-hierba\/\">carbohidratos<\/a> solubles en agua (az\u00facares), la producci\u00f3n total de gas o la digestibilidad de la MS <em>in vitro<\/em>.<\/strong><\/p>\n<p>Para llevar a cabo el estudio, los investigadores (Wang <em>et al<\/em>., 2020) dise\u00f1aron un experimento en el que tres cultivares de raigr\u00e1s; el cultivar de referencia \u201cPremium\u201d, y los cultivares AberAvon y AberMagic (con alto contenido en az\u00facares) se cortaban a tres horas diferentes del d\u00eda; a las 7:00 AM (ma\u00f1ana), a las 13:30 PM (mediod\u00eda) y a las 19:00 PM (noche) y se realizaron an\u00e1lisis <em>in vitro<\/em> de la producci\u00f3n de gas y de la composici\u00f3n nutritiva de los diferentes pastos.<\/p>\n<p>Los resultados obtenidos en este estudio demuestran que <strong>la hora de corte de los pastos no afect\u00f3 al contenido de materia org\u00e1nica (MO) de ninguno de ellos, pero s\u00ed se observaron diferencias significativas en algunos componentes qu\u00edmicos como los az\u00facares o la <a href=\"https:\/\/dellait.com\/es\/efecto-de-la-digestibilidad-de-la-fibra-del-ensilado-de-maiz-en-la-produccion\/\">fibra <\/a> neutro detergente<\/strong> (FND; tabla 1).<\/p>\n<p>Tabla 1: Efecto del tiempo de corte y del cultivar en los diferentes componentes qu\u00edmicos.<\/p>\n<p><img fetchpriority=\"high\" decoding=\"async\" class=\"alignnone wp-image-8219 size-large\" src=\"https:\/\/dellait.com\/wp-content\/uploads\/2020\/10\/tabla1_castellano-1024x240.jpg\" alt=\"tabla1_castellano\" width=\"1024\" height=\"240\" srcset=\"https:\/\/dellait.com\/wp-content\/uploads\/2020\/10\/tabla1_castellano-1024x240.jpg 1024w, https:\/\/dellait.com\/wp-content\/uploads\/2020\/10\/tabla1_castellano-300x70.jpg 300w, https:\/\/dellait.com\/wp-content\/uploads\/2020\/10\/tabla1_castellano-768x180.jpg 768w, https:\/\/dellait.com\/wp-content\/uploads\/2020\/10\/tabla1_castellano.jpg 1518w\" sizes=\"(max-width: 1024px) 100vw, 1024px\" \/><span style=\"font-size: 10pt;\">*Los asteriscos indican diferencias significativas dentro de cada cultivar.<\/span><\/p>\n<p><strong>En los tres cultivares estudiados se observaron valores mayores de nitr\u00f3geno cuando estos se cortaron por la ma\u00f1ana<\/strong>. En el caso de la FND, para el cultivar AberAvon se observaron los valores m\u00e1s altos cuando el corte se produjo a mediod\u00eda, y los cultivares AberMagic y Premium obtuvieron el valor m\u00e1s alto en los pastos cortados por la ma\u00f1ana.<\/p>\n<h2>El contenido de az\u00facares aumenta cuando se realiza el corte por la noche<\/h2>\n<p>Por el contrario, <strong>el contenido en az\u00facares aument\u00f3 en los tres cultivares cuando se cortaron por la noche<\/strong>. Por \u00faltimo, se observ\u00f3 <strong>un valor mayor de <a href=\"https:\/\/dellait.com\/es\/el-laminado-al-vapor-aumenta-la-digestibilidad-del-grano-de-cebada\/\">digestibilidad<\/a> de la MS <em>in vitro<\/em> cuando los pastos se cortaron a mediod\u00eda<\/strong>.<\/p>\n<p>Por otro lado, <strong>la producci\u00f3n de gas para los tres cultivares se increment\u00f3 r\u00e1pidamente entre las 2 y las 17 horas, sigui\u00f3 subiendo entre las 22 y las 36 horas m\u00e1s lentamente y se estabiliz\u00f3 a partir de esta hora<\/strong>. La interacci\u00f3n del tiempo de corte y el cultivo afect\u00f3 a la producci\u00f3n total acumulada de gas solo a las 2 y a las 48 horas para la incubaci\u00f3n y afect\u00f3 a la producci\u00f3n de CH<sub>4<\/sub> solamente a las 2 horas. La producci\u00f3n total de gas (PTG) y el metano (CH<sub>4<\/sub>) fue mayor en pastos cortados por la noche o a mediod\u00eda que en los pastos cortados por la ma\u00f1ana. Los valores obtenidos para los par\u00e1metros de fermentaci\u00f3n m\u00e1s significativos pueden observarse en la tabla 2.<\/p>\n<p>Tabla 2. Efecto del tiempo de corte y del cultivar en los par\u00e1metros de fermentaci\u00f3n <em>in vitro<\/em><\/p>\n<p><img decoding=\"async\" class=\"alignnone wp-image-8221 size-large\" src=\"https:\/\/dellait.com\/wp-content\/uploads\/2020\/10\/tabla2_castellano-1024x261.jpg\" alt=\"tabla2_castellano\" width=\"1024\" height=\"261\" srcset=\"https:\/\/dellait.com\/wp-content\/uploads\/2020\/10\/tabla2_castellano-1024x261.jpg 1024w, https:\/\/dellait.com\/wp-content\/uploads\/2020\/10\/tabla2_castellano-300x76.jpg 300w, https:\/\/dellait.com\/wp-content\/uploads\/2020\/10\/tabla2_castellano-768x196.jpg 768w, https:\/\/dellait.com\/wp-content\/uploads\/2020\/10\/tabla2_castellano-1536x391.jpg 1536w, https:\/\/dellait.com\/wp-content\/uploads\/2020\/10\/tabla2_castellano.jpg 1566w\" sizes=\"(max-width: 1024px) 100vw, 1024px\" \/><span style=\"font-size: 10pt;\">*Los asteriscos indican diferencias significativas dentro de cada cultivar.<\/span><\/p>\n<p><strong>Todos los par\u00e1metros de producci\u00f3n total de gas resultaron significativamente m\u00e1s bajos cuando los cultivares se cortaron por la ma\u00f1ana<\/strong>. En cambio, los par\u00e1metros relacionados con el CH<sub>4<\/sub> no se vieron afectados por la hora de corte de los cultivares excepto en el caso del cultivar AberAvon donde se observ\u00f3 un descenso en los valores obtenidos en los pastos que se cortaron por la ma\u00f1ana.<\/p>\n<h2>Conclusiones<\/h2>\n<p>Los resultados obtenidos en este estudio revelan informaci\u00f3n interesante para los ganaderos de leche para intentar mejorar el cultivo de variedades de raigr\u00e1s en el momento adecuado del corte de pasto. <strong>Al optimizar el momento del corte del pasto se podr\u00eda aumentar la digestibilidad de la MS y el contenido en az\u00facares \u00f3ptimos<\/strong>.<\/p>\n<p>Cabe destacar tambi\u00e9n la reducci\u00f3n de CH<sub>4<\/sub> observada en el cultivar AberMagic aunque ser\u00edan necesarios estudios complementarios para ratificarlo.<\/p>\n<p><strong>Referencias<\/strong><\/p>\n<p>Chunmei Wang, Fujiang Hou1, Metha Wanapat, Tianhai Yan, Eun Joong Kim, and Nigel David Scollan. 2020. Assessment of cutting time on nutrient values, in vitro fermentation and methane production among three ryegrass cultivars. <a href=\"https:\/\/www.animbiosci.org\/\" target=\"_blank\" rel=\"noopener\">Asian-Australasian Journal of Animal Sciences<\/a>. 33 :1242-1251.<\/p>\n<p><strong>\u00a9 2020 Dairy Knowledge Center. All Rights Reserved.<\/strong><\/p>\n","protected":false},"excerpt":{"rendered":"<p>Aurora Alaguero &amp; Fernando Diaz El raigr\u00e1s (Lolium perenne) es una gram\u00ednea perenne com\u00fanmente utilizada como forraje en lugares de clima templado y subtropical para el pasto de rumiantes. Se caracteriza por producir gran cantidad de biomasa de buena calidad, lo que se traduce en un alto valor nutritivo con una alta tasa de carbohidratos &#8230; <a title=\"Efecto de la hora de corte en el forraje de raigr\u00e1s\" class=\"read-more\" href=\"https:\/\/dellait.com\/es\/efecto-de-las-horas-de-corte-en-el-forraje-de-raigras\/\" aria-label=\"Leer m\u00e1s sobre Efecto de la hora de corte en el forraje de raigr\u00e1s\">Leer m\u00e1s<\/a><\/p>\n","protected":false},"author":1,"featured_media":8216,"comment_status":"closed","ping_status":"closed","sticky":false,"template":"","format":"standard","meta":{"_acf_changed":false,"content-type":"","footnotes":""},"categories":[638],"tags":[],"class_list":["post-14123","post","type-post","status-publish","format-standard","has-post-thumbnail","hentry","category-hierbas"],"acf":[],"yoast_head":"<!-- This site is optimized with the Yoast SEO plugin v26.1.1 - https:\/\/yoast.com\/wordpress\/plugins\/seo\/ -->\n<title>Efecto de las horas de corte en el forraje de raigr\u00e1s<\/title>\n<meta name=\"description\" content=\"Al optimizar el momento del corte del pasto de raigr\u00e1s se podr\u00eda aumentar la digestibilidad de la materia seca y el contenido en az\u00facares \u00f3ptimos.\" \/>\n<meta name=\"robots\" content=\"index, follow, max-snippet:-1, max-image-preview:large, max-video-preview:-1\" \/>\n<link rel=\"canonical\" href=\"https:\/\/dellait.com\/es\/efecto-de-las-horas-de-corte-en-el-forraje-de-raigras\/\" \/>\n<meta property=\"og:locale\" content=\"es_ES\" \/>\n<meta property=\"og:type\" content=\"article\" \/>\n<meta property=\"og:title\" content=\"Efecto de las horas de corte en el forraje de raigr\u00e1s\" \/>\n<meta property=\"og:description\" content=\"Al optimizar el momento del corte del pasto de raigr\u00e1s se podr\u00eda aumentar la digestibilidad de la materia seca y el contenido en az\u00facares \u00f3ptimos.\" \/>\n<meta property=\"og:url\" content=\"https:\/\/dellait.com\/es\/efecto-de-las-horas-de-corte-en-el-forraje-de-raigras\/\" \/>\n<meta property=\"og:site_name\" content=\"Animal Nutrition and Health\" \/>\n<meta property=\"article:publisher\" content=\"https:\/\/www.facebook.com\/Dellait\" \/>\n<meta property=\"article:published_time\" content=\"2021-03-22T09:07:49+00:00\" \/>\n<meta property=\"article:modified_time\" content=\"2021-05-12T16:52:19+00:00\" \/>\n<meta property=\"og:image\" content=\"https:\/\/dellait.com\/dairyknowledgecenter\/wp-content\/uploads\/01-foto-12102020.jpg\" \/>\n<meta name=\"author\" content=\"admin\" \/>\n<!-- \/ Yoast SEO plugin. -->","yoast_head_json":{"title":"Efecto de las horas de corte en el forraje de raigr\u00e1s","description":"Al optimizar el momento del corte del pasto de raigr\u00e1s se podr\u00eda aumentar la digestibilidad de la materia seca y el contenido en az\u00facares \u00f3ptimos.","robots":{"index":"index","follow":"follow","max-snippet":"max-snippet:-1","max-image-preview":"max-image-preview:large","max-video-preview":"max-video-preview:-1"},"canonical":"https:\/\/dellait.com\/es\/efecto-de-las-horas-de-corte-en-el-forraje-de-raigras\/","og_locale":"es_ES","og_type":"article","og_title":"Efecto de las horas de corte en el forraje de raigr\u00e1s","og_description":"Al optimizar el momento del corte del pasto de raigr\u00e1s se podr\u00eda aumentar la digestibilidad de la materia seca y el contenido en az\u00facares \u00f3ptimos.","og_url":"https:\/\/dellait.com\/es\/efecto-de-las-horas-de-corte-en-el-forraje-de-raigras\/","og_site_name":"Animal Nutrition and Health","article_publisher":"https:\/\/www.facebook.com\/Dellait","article_published_time":"2021-03-22T09:07:49+00:00","article_modified_time":"2021-05-12T16:52:19+00:00","og_image":[{"url":"https:\/\/dellait.com\/dairyknowledgecenter\/wp-content\/uploads\/01-foto-12102020.jpg","type":"","width":"","height":""}],"author":"admin","schema":{"@context":"https:\/\/schema.org","@graph":[{"@type":"NewsArticle","@id":"https:\/\/dellait.com\/es\/efecto-de-las-horas-de-corte-en-el-forraje-de-raigras\/#article","isPartOf":{"@id":"https:\/\/dellait.com\/es\/efecto-de-las-horas-de-corte-en-el-forraje-de-raigras\/"},"author":{"name":"admin","@id":"https:\/\/dellait.com\/es\/#\/schema\/person\/6ac8737b18e10a2808891273086621c6"},"headline":"Efecto de la hora de corte en el forraje de raigr\u00e1s","datePublished":"2021-03-22T09:07:49+00:00","dateModified":"2021-05-12T16:52:19+00:00","mainEntityOfPage":{"@id":"https:\/\/dellait.com\/es\/efecto-de-las-horas-de-corte-en-el-forraje-de-raigras\/"},"wordCount":814,"publisher":{"@id":"https:\/\/dellait.com\/es\/#organization"},"image":{"@id":"https:\/\/dellait.com\/es\/efecto-de-las-horas-de-corte-en-el-forraje-de-raigras\/#primaryimage"},"thumbnailUrl":"https:\/\/dellait.com\/wp-content\/uploads\/2020\/10\/01-foto-12102020.jpg","articleSection":["Hierbas"],"inLanguage":"es"},{"@type":["WebPage","ItemPage"],"@id":"https:\/\/dellait.com\/es\/efecto-de-las-horas-de-corte-en-el-forraje-de-raigras\/","url":"https:\/\/dellait.com\/es\/efecto-de-las-horas-de-corte-en-el-forraje-de-raigras\/","name":"Efecto de las horas de corte en el forraje de raigr\u00e1s","isPartOf":{"@id":"https:\/\/dellait.com\/es\/#website"},"primaryImageOfPage":{"@id":"https:\/\/dellait.com\/es\/efecto-de-las-horas-de-corte-en-el-forraje-de-raigras\/#primaryimage"},"image":{"@id":"https:\/\/dellait.com\/es\/efecto-de-las-horas-de-corte-en-el-forraje-de-raigras\/#primaryimage"},"thumbnailUrl":"https:\/\/dellait.com\/wp-content\/uploads\/2020\/10\/01-foto-12102020.jpg","datePublished":"2021-03-22T09:07:49+00:00","dateModified":"2021-05-12T16:52:19+00:00","description":"Al optimizar el momento del corte del pasto de raigr\u00e1s se podr\u00eda aumentar la digestibilidad de la materia seca y el contenido en az\u00facares \u00f3ptimos.","breadcrumb":{"@id":"https:\/\/dellait.com\/es\/efecto-de-las-horas-de-corte-en-el-forraje-de-raigras\/#breadcrumb"},"inLanguage":"es","potentialAction":[{"@type":"ReadAction","target":["https:\/\/dellait.com\/es\/efecto-de-las-horas-de-corte-en-el-forraje-de-raigras\/"]}]},{"@type":"ImageObject","inLanguage":"es","@id":"https:\/\/dellait.com\/es\/efecto-de-las-horas-de-corte-en-el-forraje-de-raigras\/#primaryimage","url":"https:\/\/dellait.com\/wp-content\/uploads\/2020\/10\/01-foto-12102020.jpg","contentUrl":"https:\/\/dellait.com\/wp-content\/uploads\/2020\/10\/01-foto-12102020.jpg","width":900,"height":650,"caption":"Raigr\u00e1s"},{"@type":"BreadcrumbList","@id":"https:\/\/dellait.com\/es\/efecto-de-las-horas-de-corte-en-el-forraje-de-raigras\/#breadcrumb","itemListElement":[{"@type":"ListItem","position":1,"name":"Dellait","item":"https:\/\/dellait.com\/es\/"},{"@type":"ListItem","position":2,"name":"Efecto de la hora de corte en el forraje de raigr\u00e1s"}]},{"@type":"WebSite","@id":"https:\/\/dellait.com\/es\/#website","url":"https:\/\/dellait.com\/es\/","name":"Animal Nutrition and Health","description":"Dellait es una empresa global de nutrici\u00f3n y salud animal, que ofrece servicios y soluciones a la industria ganadera.","publisher":{"@id":"https:\/\/dellait.com\/es\/#organization"},"potentialAction":[{"@type":"SearchAction","target":{"@type":"EntryPoint","urlTemplate":"https:\/\/dellait.com\/es\/?s={search_term_string}"},"query-input":{"@type":"PropertyValueSpecification","valueRequired":true,"valueName":"search_term_string"}}],"inLanguage":"es"},{"@type":"Organization","@id":"https:\/\/dellait.com\/es\/#organization","name":"Dellait","url":"https:\/\/dellait.com\/es\/","logo":{"@type":"ImageObject","inLanguage":"es","@id":"https:\/\/dellait.com\/es\/#\/schema\/logo\/image\/","url":"https:\/\/dellait.com\/wp-content\/uploads\/2021\/03\/00-Logo-dellait-letra-azul-fondo-trasparente-v2.png","contentUrl":"https:\/\/dellait.com\/wp-content\/uploads\/2021\/03\/00-Logo-dellait-letra-azul-fondo-trasparente-v2.png","width":692,"height":175,"caption":"Dellait"},"image":{"@id":"https:\/\/dellait.com\/es\/#\/schema\/logo\/image\/"},"sameAs":["https:\/\/www.facebook.com\/Dellait","https:\/\/x.com\/DellaitLLC","https:\/\/www.linkedin.com\/company\/19157485"]},{"@type":"Person","@id":"https:\/\/dellait.com\/es\/#\/schema\/person\/6ac8737b18e10a2808891273086621c6","name":"admin","image":{"@type":"ImageObject","inLanguage":"es","@id":"https:\/\/dellait.com\/es\/#\/schema\/person\/image\/","url":"https:\/\/secure.gravatar.com\/avatar\/46248e188d4cf416de15bcc90e4cd7da617625aec40f3830b8abb7720c156764?s=96&d=mm&r=g","contentUrl":"https:\/\/secure.gravatar.com\/avatar\/46248e188d4cf416de15bcc90e4cd7da617625aec40f3830b8abb7720c156764?s=96&d=mm&r=g","caption":"admin"},"sameAs":["https:\/\/cmacomunicacion.es\/"],"url":"https:\/\/dellait.com\/es\/author\/cma\/"}]}},"_links":{"self":[{"href":"https:\/\/dellait.com\/es\/wp-json\/wp\/v2\/posts\/14123","targetHints":{"allow":["GET"]}}],"collection":[{"href":"https:\/\/dellait.com\/es\/wp-json\/wp\/v2\/posts"}],"about":[{"href":"https:\/\/dellait.com\/es\/wp-json\/wp\/v2\/types\/post"}],"author":[{"embeddable":true,"href":"https:\/\/dellait.com\/es\/wp-json\/wp\/v2\/users\/1"}],"replies":[{"embeddable":true,"href":"https:\/\/dellait.com\/es\/wp-json\/wp\/v2\/comments?post=14123"}],"version-history":[{"count":0,"href":"https:\/\/dellait.com\/es\/wp-json\/wp\/v2\/posts\/14123\/revisions"}],"wp:featuredmedia":[{"embeddable":true,"href":"https:\/\/dellait.com\/es\/wp-json\/wp\/v2\/media\/8216"}],"wp:attachment":[{"href":"https:\/\/dellait.com\/es\/wp-json\/wp\/v2\/media?parent=14123"}],"wp:term":[{"taxonomy":"category","embeddable":true,"href":"https:\/\/dellait.com\/es\/wp-json\/wp\/v2\/categories?post=14123"},{"taxonomy":"post_tag","embeddable":true,"href":"https:\/\/dellait.com\/es\/wp-json\/wp\/v2\/tags?post=14123"}],"curies":[{"name":"wp","href":"https:\/\/api.w.org\/{rel}","templated":true}]}}