{"id":18439,"date":"2021-04-12T05:02:15","date_gmt":"2021-04-12T10:02:15","guid":{"rendered":"https:\/\/dellait.com\/ejercicio-antes-del-parto-y-adaptacion-metabolica-de-las-vacas\/"},"modified":"2021-06-18T03:06:33","modified_gmt":"2021-06-18T08:06:33","slug":"ejercicio-antes-del-parto-y-adaptacion-metabolica-de-las-vacas","status":"publish","type":"post","link":"https:\/\/dellait.com\/es\/ejercicio-antes-del-parto-y-adaptacion-metabolica-de-las-vacas\/","title":{"rendered":"El ejercicio antes del parto permite la adaptaci\u00f3n metab\u00f3lica de las vacas en el periodo de transici\u00f3n"},"content":{"rendered":"<p style=\"text-align: center;\"><strong>Mar\u00eda Villagrasa &amp; Nuria Garc\u00eda<\/strong><\/p>\n<p>Las adaptaciones inducidas por las hormonas en el <a href=\"https:\/\/dellait.com\/es\/beneficios-de-anadir-biotina-a-la-dieta-durante-el-preparto\/\" target=\"_blank\" rel=\"noopener noreferrer\">metabolismo de las grasas<\/a> provocan una mayor movilizaci\u00f3n de grasas en las vacas lecheras alrededor del parto, lo que lleva a un incremento de las concentraciones de \u00e1cidos grasos no esterificados (AGNE) en la sangre. Este proceso es necesario para la s\u00edntesis de leche, sin embargo, tambi\u00e9n aumenta el riesgo de lipidosis hep\u00e1tica.<\/p>\n<p>Los factores de riesgo asociados con la lipidosis hep\u00e1tica son la sobrealimentaci\u00f3n en el periodo seco y una alta puntuaci\u00f3n de condici\u00f3n corporal (PCC) en el momento del parto. <strong>Evitar el consumo excesivo de energ\u00eda durante el periodo seco es, por lo tanto, una estrategia importante para prevenir la movilizaci\u00f3n excesiva de grasa despu\u00e9s del parto<\/strong>.<\/p>\n<p>Una estrategia alternativa puede ser desencadenar la movilizaci\u00f3n de grasas y la adaptaci\u00f3n temprana a los procesos metab\u00f3licos necesarios despu\u00e9s del parto al inducir un leve balance energ\u00e9tico negativo antes del parto. Esto se puede lograr aumentando la actividad f\u00edsica durante el periodo seco de modo que aumente la producci\u00f3n de energ\u00eda y se estimule el metabolismo energ\u00e9tico.<\/p>\n<p>Un grupo de investigaci\u00f3n holand\u00e9s (Goselink <em>et al.<\/em>, 2020) plante\u00f3 <strong>la hip\u00f3tesis de que el riesgo de lipidosis hep\u00e1tica posparto se podr\u00eda reducir si se iniciara la movilizaci\u00f3n y el procesamiento de la grasa durante el preparto mediante el ejercicio f\u00edsico, especialmente en vacas con una alta puntuaci\u00f3n de condici\u00f3n corporal<\/strong>.<\/p>\n<p>Para llevar a cabo el estudio se seleccionaron 32 vacas lecheras Holstein-Friesian gestantes entre las 6 y 8 semanas antes de parir, y se dividieron en dos grupos:<\/p>\n<ul>\n<li>16 ten\u00edan una PCC &lt;3.25 (grupo BAJO)<\/li>\n<li>16 ten\u00edan una PCC \u2265 3.25 (grupo ALTO)<\/li>\n<\/ul>\n<p>Las vacas de cada grupo fueron asignadas a uno de dos tratamientos: el grupo ejercicio (EJE) caminaba dos veces al d\u00eda durante 45 minutos en el periodo seco (aproximadamente 41 d\u00edas antes del parto), mientras que el grupo control (CON) permaneci\u00f3 en su cub\u00edculo.<\/p>\n<p>El tratamiento se detuvo al parir y se hizo un seguimiento de las vacas hasta seis semanas despu\u00e9s del parto. Se tomaron muestras de sangre y se realizaron biopsias de h\u00edgado para determinar la concentraci\u00f3n de triglic\u00e9ridos.<\/p>\n<h2>El ejercicio y la adaptaci\u00f3n metab\u00f3lica<\/h2>\n<p>La concentraci\u00f3n hep\u00e1tica de triglic\u00e9ridos aument\u00f3 tras el parto y se vio afectada por la PCC preparto: <strong>las vacas del grupo ALTO mostraron un mayor incremento de triglic\u00e9rido hep\u00e1tico que las del BAJO<\/strong>. El aumento relativo de triglic\u00e9ridos posparto en comparaci\u00f3n con las semanas previas al parto tendi\u00f3 a reducirse con el ejercicio.<\/p>\n<p><strong>El consumo de alimento de las vacas EJE se redujo antes del parto<\/strong>, algo que los autores atribuyen a la duraci\u00f3n del ejercicio y a que este era forzado lo que pudo haber producido estr\u00e9s y, en consecuencia, hacer que las vacas comieran menos.<\/p>\n<p>La actividad f\u00edsica forzada en combinaci\u00f3n con un menor <a href=\"https:\/\/dellait.com\/es\/evaluacion-de-los-niveles-de-beta-caroteno-plasmatico-en-vacas\/\" target=\"_blank\" rel=\"noopener noreferrer\">consumo de alimento<\/a> antes del parto produjo un balance de energ\u00eda m\u00e1s negativo desde la quinta semana previa al parto en el grupo EJE lo que dio lugar a mayores concentraciones plasm\u00e1ticas de AGNE y BHB.<\/p>\n<h2>Conclusiones<\/h2>\n<p>Estas son las principales conclusiones del estudio:<\/p>\n<ul>\n<li><strong>El balance de energ\u00eda fue m\u00e1s negativo para el grupo EJE<\/strong>, lo que produjo concentraciones m\u00e1s altas de AGNE y BHB en plasma.<\/li>\n<li><strong>Durante las primeras 6 semanas posparto, ni el consumo de materia seca ni la <a href=\"https:\/\/www.dellait.com\/dairyresearchreview\/es\/tecnologia\/efecto-de-la-metabolomica-sobre-biomarcadores-ruminales-en-la-produccion-de-leche\/\" target=\"_blank\" rel=\"noopener noreferrer\">producci\u00f3n de leche<\/a> se vieron afectados por el ejercicio<\/strong>.<\/li>\n<li>Como se esperaba, <strong>las vacas del grupo ALTO ten\u00edan mayores concentraciones de triglic\u00e9ridos en el h\u00edgado despu\u00e9s del parto<\/strong> en relaci\u00f3n con el grupo BAJO.<\/li>\n<li><strong>El ejercicio durante el periodo seco mitig\u00f3 la acumulaci\u00f3n de triglic\u00e9ridos en el h\u00edgado tras el parto<\/strong>.<\/li>\n<\/ul>\n<p>Estos resultados indican que <strong>el ejercicio puede inducir la movilizaci\u00f3n de l\u00edpidos y su utilizaci\u00f3n antes del parto y, por lo tanto, permitir la adaptaci\u00f3n metab\u00f3lica de las vacas antes del inicio de la producci\u00f3n de leche<\/strong>. Esto, a su vez, permitir\u00eda <strong>reducir el riesgo de acumulaci\u00f3n excesiva de triglic\u00e9ridos en el h\u00edgado despu\u00e9s del parto<\/strong>, especialmente en vacas con una alta puntuaci\u00f3n de condici\u00f3n corporal en el periodo seco.<\/p>\n<p><strong>Referencia<\/strong><\/p>\n<p>Goselink, R.M.A., Schonewille, J.T., van Duinkerken, G., Hendriks W.H. Physical exercise prepartum to support metabolic adaptation in the transition period of dairy cattle: A proof of concept. J Anim Physiol Anim Nutr. 2020;104:790\u2013801.<\/p>\n<p><strong>\u00a9 2021 Dellait Dairy Knowledge Center. All Rights Reserved.<\/strong><\/p>\n","protected":false},"excerpt":{"rendered":"<p>El ejercicio induce la movilizaci\u00f3n de l\u00edpidos antes del parto y permite la adaptaci\u00f3n metab\u00f3lica de las vacas en el periodo de transici\u00f3n.<\/p>\n","protected":false},"author":1,"featured_media":18441,"comment_status":"closed","ping_status":"closed","sticky":false,"template":"","format":"standard","meta":{"_acf_changed":false,"content-type":"","footnotes":""},"categories":[655],"tags":[],"class_list":["post-18439","post","type-post","status-publish","format-standard","has-post-thumbnail","hentry","category-salud"],"acf":[],"yoast_head":"<!-- This site is optimized with the Yoast SEO plugin v26.1.1 - https:\/\/yoast.com\/wordpress\/plugins\/seo\/ -->\n<title>Ejercicio antes del parto y adaptaci\u00f3n metab\u00f3lica de las vacas<\/title>\n<meta name=\"description\" content=\"El ejercicio induce la movilizaci\u00f3n de l\u00edpidos antes del parto y permite la adaptaci\u00f3n metab\u00f3lica de las vacas en el periodo de transici\u00f3n.\" \/>\n<meta name=\"robots\" content=\"index, follow, max-snippet:-1, max-image-preview:large, max-video-preview:-1\" \/>\n<link rel=\"canonical\" href=\"https:\/\/dellait.com\/es\/ejercicio-antes-del-parto-y-adaptacion-metabolica-de-las-vacas\/\" \/>\n<meta property=\"og:locale\" content=\"es_ES\" \/>\n<meta property=\"og:type\" content=\"article\" \/>\n<meta property=\"og:title\" content=\"El ejercicio previo al parto permite la adaptaci\u00f3n metab\u00f3lica de las vacas en el per\u00edodo de transici\u00f3n\" \/>\n<meta property=\"og:description\" content=\"El ejercicio puede inducir la movilizaci\u00f3n de l\u00edpidos y su uso antes del parto y, por lo tanto, permitir la adaptaci\u00f3n metab\u00f3lica de las vacas antes del inicio de la producci\u00f3n de leche.\" \/>\n<meta property=\"og:url\" content=\"https:\/\/dellait.com\/es\/ejercicio-antes-del-parto-y-adaptacion-metabolica-de-las-vacas\/\" \/>\n<meta property=\"og:site_name\" content=\"Animal Nutrition and Health\" \/>\n<meta property=\"article:publisher\" content=\"https:\/\/www.facebook.com\/Dellait\" \/>\n<meta property=\"article:published_time\" content=\"2021-04-12T10:02:15+00:00\" \/>\n<meta property=\"article:modified_time\" content=\"2021-06-18T08:06:33+00:00\" \/>\n<meta property=\"og:image\" content=\"https:\/\/www.dellait.com\/dairyresearchreview\/wp-content\/uploads\/2020\/12\/vaca-manejo-1.jpg\" \/>\n<meta name=\"author\" content=\"admin\" \/>\n<!-- \/ Yoast SEO plugin. -->","yoast_head_json":{"title":"Ejercicio antes del parto y adaptaci\u00f3n metab\u00f3lica de las vacas","description":"El ejercicio induce la movilizaci\u00f3n de l\u00edpidos antes del parto y permite la adaptaci\u00f3n metab\u00f3lica de las vacas en el periodo de transici\u00f3n.","robots":{"index":"index","follow":"follow","max-snippet":"max-snippet:-1","max-image-preview":"max-image-preview:large","max-video-preview":"max-video-preview:-1"},"canonical":"https:\/\/dellait.com\/es\/ejercicio-antes-del-parto-y-adaptacion-metabolica-de-las-vacas\/","og_locale":"es_ES","og_type":"article","og_title":"El ejercicio previo al parto permite la adaptaci\u00f3n metab\u00f3lica de las vacas en el per\u00edodo de transici\u00f3n","og_description":"El ejercicio puede inducir la movilizaci\u00f3n de l\u00edpidos y su uso antes del parto y, por lo tanto, permitir la adaptaci\u00f3n metab\u00f3lica de las vacas antes del inicio de la producci\u00f3n de leche.","og_url":"https:\/\/dellait.com\/es\/ejercicio-antes-del-parto-y-adaptacion-metabolica-de-las-vacas\/","og_site_name":"Animal Nutrition and Health","article_publisher":"https:\/\/www.facebook.com\/Dellait","article_published_time":"2021-04-12T10:02:15+00:00","article_modified_time":"2021-06-18T08:06:33+00:00","og_image":[{"url":"https:\/\/www.dellait.com\/dairyresearchreview\/wp-content\/uploads\/2020\/12\/vaca-manejo-1.jpg","type":"","width":"","height":""}],"author":"admin","schema":{"@context":"https:\/\/schema.org","@graph":[{"@type":"NewsArticle","@id":"https:\/\/dellait.com\/es\/ejercicio-antes-del-parto-y-adaptacion-metabolica-de-las-vacas\/#article","isPartOf":{"@id":"https:\/\/dellait.com\/es\/ejercicio-antes-del-parto-y-adaptacion-metabolica-de-las-vacas\/"},"author":{"name":"admin","@id":"https:\/\/dellait.com\/es\/#\/schema\/person\/6ac8737b18e10a2808891273086621c6"},"headline":"El ejercicio antes del parto permite la adaptaci\u00f3n metab\u00f3lica de las vacas en el periodo de transici\u00f3n","datePublished":"2021-04-12T10:02:15+00:00","dateModified":"2021-06-18T08:06:33+00:00","mainEntityOfPage":{"@id":"https:\/\/dellait.com\/es\/ejercicio-antes-del-parto-y-adaptacion-metabolica-de-las-vacas\/"},"wordCount":803,"publisher":{"@id":"https:\/\/dellait.com\/es\/#organization"},"image":{"@id":"https:\/\/dellait.com\/es\/ejercicio-antes-del-parto-y-adaptacion-metabolica-de-las-vacas\/#primaryimage"},"thumbnailUrl":"https:\/\/dellait.com\/wp-content\/uploads\/2020\/12\/vaca-manejo.jpg","articleSection":["Salud"],"inLanguage":"es"},{"@type":["WebPage","ItemPage"],"@id":"https:\/\/dellait.com\/es\/ejercicio-antes-del-parto-y-adaptacion-metabolica-de-las-vacas\/","url":"https:\/\/dellait.com\/es\/ejercicio-antes-del-parto-y-adaptacion-metabolica-de-las-vacas\/","name":"Ejercicio antes del parto y adaptaci\u00f3n metab\u00f3lica de las vacas","isPartOf":{"@id":"https:\/\/dellait.com\/es\/#website"},"primaryImageOfPage":{"@id":"https:\/\/dellait.com\/es\/ejercicio-antes-del-parto-y-adaptacion-metabolica-de-las-vacas\/#primaryimage"},"image":{"@id":"https:\/\/dellait.com\/es\/ejercicio-antes-del-parto-y-adaptacion-metabolica-de-las-vacas\/#primaryimage"},"thumbnailUrl":"https:\/\/dellait.com\/wp-content\/uploads\/2020\/12\/vaca-manejo.jpg","datePublished":"2021-04-12T10:02:15+00:00","dateModified":"2021-06-18T08:06:33+00:00","description":"El ejercicio induce la movilizaci\u00f3n de l\u00edpidos antes del parto y permite la adaptaci\u00f3n metab\u00f3lica de las vacas en el periodo de transici\u00f3n.","breadcrumb":{"@id":"https:\/\/dellait.com\/es\/ejercicio-antes-del-parto-y-adaptacion-metabolica-de-las-vacas\/#breadcrumb"},"inLanguage":"es","potentialAction":[{"@type":"ReadAction","target":["https:\/\/dellait.com\/es\/ejercicio-antes-del-parto-y-adaptacion-metabolica-de-las-vacas\/"]}]},{"@type":"ImageObject","inLanguage":"es","@id":"https:\/\/dellait.com\/es\/ejercicio-antes-del-parto-y-adaptacion-metabolica-de-las-vacas\/#primaryimage","url":"https:\/\/dellait.com\/wp-content\/uploads\/2020\/12\/vaca-manejo.jpg","contentUrl":"https:\/\/dellait.com\/wp-content\/uploads\/2020\/12\/vaca-manejo.jpg","width":900,"height":650},{"@type":"BreadcrumbList","@id":"https:\/\/dellait.com\/es\/ejercicio-antes-del-parto-y-adaptacion-metabolica-de-las-vacas\/#breadcrumb","itemListElement":[{"@type":"ListItem","position":1,"name":"Dellait","item":"https:\/\/dellait.com\/es\/"},{"@type":"ListItem","position":2,"name":"El ejercicio antes del parto permite la adaptaci\u00f3n metab\u00f3lica de las vacas en el periodo de transici\u00f3n"}]},{"@type":"WebSite","@id":"https:\/\/dellait.com\/es\/#website","url":"https:\/\/dellait.com\/es\/","name":"Animal Nutrition and Health","description":"Dellait es una empresa global de nutrici\u00f3n y salud animal, que ofrece servicios y soluciones a la industria ganadera.","publisher":{"@id":"https:\/\/dellait.com\/es\/#organization"},"potentialAction":[{"@type":"SearchAction","target":{"@type":"EntryPoint","urlTemplate":"https:\/\/dellait.com\/es\/?s={search_term_string}"},"query-input":{"@type":"PropertyValueSpecification","valueRequired":true,"valueName":"search_term_string"}}],"inLanguage":"es"},{"@type":"Organization","@id":"https:\/\/dellait.com\/es\/#organization","name":"Dellait","url":"https:\/\/dellait.com\/es\/","logo":{"@type":"ImageObject","inLanguage":"es","@id":"https:\/\/dellait.com\/es\/#\/schema\/logo\/image\/","url":"https:\/\/dellait.com\/wp-content\/uploads\/2021\/03\/00-Logo-dellait-letra-azul-fondo-trasparente-v2.png","contentUrl":"https:\/\/dellait.com\/wp-content\/uploads\/2021\/03\/00-Logo-dellait-letra-azul-fondo-trasparente-v2.png","width":692,"height":175,"caption":"Dellait"},"image":{"@id":"https:\/\/dellait.com\/es\/#\/schema\/logo\/image\/"},"sameAs":["https:\/\/www.facebook.com\/Dellait","https:\/\/x.com\/DellaitLLC","https:\/\/www.linkedin.com\/company\/19157485"]},{"@type":"Person","@id":"https:\/\/dellait.com\/es\/#\/schema\/person\/6ac8737b18e10a2808891273086621c6","name":"admin","image":{"@type":"ImageObject","inLanguage":"es","@id":"https:\/\/dellait.com\/es\/#\/schema\/person\/image\/","url":"https:\/\/secure.gravatar.com\/avatar\/46248e188d4cf416de15bcc90e4cd7da617625aec40f3830b8abb7720c156764?s=96&d=mm&r=g","contentUrl":"https:\/\/secure.gravatar.com\/avatar\/46248e188d4cf416de15bcc90e4cd7da617625aec40f3830b8abb7720c156764?s=96&d=mm&r=g","caption":"admin"},"sameAs":["https:\/\/cmacomunicacion.es\/"],"url":"https:\/\/dellait.com\/es\/author\/cma\/"}]}},"_links":{"self":[{"href":"https:\/\/dellait.com\/es\/wp-json\/wp\/v2\/posts\/18439","targetHints":{"allow":["GET"]}}],"collection":[{"href":"https:\/\/dellait.com\/es\/wp-json\/wp\/v2\/posts"}],"about":[{"href":"https:\/\/dellait.com\/es\/wp-json\/wp\/v2\/types\/post"}],"author":[{"embeddable":true,"href":"https:\/\/dellait.com\/es\/wp-json\/wp\/v2\/users\/1"}],"replies":[{"embeddable":true,"href":"https:\/\/dellait.com\/es\/wp-json\/wp\/v2\/comments?post=18439"}],"version-history":[{"count":0,"href":"https:\/\/dellait.com\/es\/wp-json\/wp\/v2\/posts\/18439\/revisions"}],"wp:featuredmedia":[{"embeddable":true,"href":"https:\/\/dellait.com\/es\/wp-json\/wp\/v2\/media\/18441"}],"wp:attachment":[{"href":"https:\/\/dellait.com\/es\/wp-json\/wp\/v2\/media?parent=18439"}],"wp:term":[{"taxonomy":"category","embeddable":true,"href":"https:\/\/dellait.com\/es\/wp-json\/wp\/v2\/categories?post=18439"},{"taxonomy":"post_tag","embeddable":true,"href":"https:\/\/dellait.com\/es\/wp-json\/wp\/v2\/tags?post=18439"}],"curies":[{"name":"wp","href":"https:\/\/api.w.org\/{rel}","templated":true}]}}